{"id":34454,"date":"2022-03-21T21:45:36","date_gmt":"2022-03-21T20:45:36","guid":{"rendered":"https:\/\/pspnatolin.edu.pl\/?p=34454"},"modified":"2022-03-21T23:16:29","modified_gmt":"2022-03-21T22:16:29","slug":"%cf%80erwszy-dzien-wiosny-2022-w-klasach-4-8","status":"publish","type":"post","link":"https:\/\/pspnatolin.edu.pl\/?p=34454","title":{"rendered":"\u03c0erwszy Dzie\u0144 Wiosny 2022 w klasach 4 &#8211; 8 oraz Dzie\u0144 Kolorowej Skarpetki"},"content":{"rendered":"<p>14 marca to data, pod kt\u00f3r\u0105 kryje si\u0119 \u201eMi\u0119dzynarodowy Dzie\u0144 Liczby Pi\u201d. 21 marca jest dniem, w kt\u00f3rym rozpoczyna si\u0119 kalendarzowa wiosna. Ju\u017c tradycyjnie w naszej szkole \u0142\u0105czymy te dwa wydarzenia obchodz\u0105c:<\/p>\n<p style=\"text-align: center;\"><span style=\"font-size: 18pt;\"><strong>\u201e\u03c0<\/strong><strong>erwszy Dzie\u0144 Wiosny\u201d<\/strong><\/span><\/p>\n<p style=\"text-align: center;\">Dzi\u0119kujemy za udzia\u0142 w konkursach i zaanga\u017cowanie, kt\u00f3re por\u00f3wnywalne by\u0142o do rozwini\u0119cia dziesi\u0119tnego liczby Pi \u2026 niesko\u0144czone \ud83d\ude42<\/p>\n<p style=\"text-align: center;\">Dzisiejszy dzie\u0144 by\u0142 wype\u0142niony zabaw\u0105 oraz wsp\u00f3lnie sp\u0119dzonym czasem,<br \/>\na wszystko odbywa\u0142o si\u0119 pod opiek\u0105 wychowawc\u00f3w i nauczycieli naszej szko\u0142y.<\/p>\n<p style=\"text-align: center;\">O godzinie 7:50 przedstawiciele klas 4 \u2013 8 odebrali materia\u0142y startowe i zapoznali Swoje kole\u017canki i koleg\u00f3w z zadaniami ukrytymi w kolorowych kopertach.<\/p>\n<p>[ngg src=&#8221;galleries&#8221; ids=&#8221;286&#8243; display=&#8221;basic_thumbnail&#8221; thumbnail_crop=&#8221;0&#8243;]<\/p>\n<p style=\"text-align: center;\">Do godziny 8:30 zadaniem klas by\u0142o przygotowanie klasowego Pikniku lub kosza piknikowego. Komisja konkursowa mia\u0142a nie lada dylemat, ostatecznie tytu\u0142 <span style=\"font-size: 14pt;\"><strong>Najlepszego Klasowego Pikniku<\/strong><\/span> przyznano klasom:<\/p>\n<p style=\"text-align: center;\"><span style=\"font-size: 14pt;\"><strong>4b, 5a, 5b, 6a, 7b.<\/strong><\/span><\/p>\n<p>[ngg src=&#8221;galleries&#8221; ids=&#8221;287&#8243; display=&#8221;basic_imagebrowser&#8221;]<\/p>\n<p style=\"text-align: center;\">O godzinie 9:00 stawili si\u0119 przedstawiciele poszczeg\u00f3lnych klas do konkursu<br \/>\n<span style=\"font-size: 14pt;\"><strong>\u201eRozwini\u0119cie dziesi\u0119tne liczby Pi\u201d.<br \/>\n<\/strong><\/span>To by\u0142o prawdziwe wyzwanie, kt\u00f3re wy\u0142oni\u0142o ucznia z najlepsz\u0105 pami\u0119ci\u0105 do cyfr.<\/p>\n<p style=\"text-align: center;\">Mistrzem Rozwini\u0119cia Dziesi\u0119tnego Liczby <strong>\u03c0 <\/strong>zosta\u0142<br \/>\nucze\u0144 klasy 8c- <strong><span style=\"font-size: 14pt;\">Mateusz Kozik<\/span><\/strong>.<br \/>\nZapami\u0119ta\u0142 i zapisa\u0142 bez pomy\u0142ki 130 cyfr po przecinku!!!<br \/>\nDrugie miejsce i tytu\u0142 Mistrzyni Rozwini\u0119cia Dziesi\u0119tnego Liczby <strong>\u03c0 <\/strong>przyznano<br \/>\nuczennicy klasy 8b- <span style=\"font-size: 14pt;\"><strong>Laurze Warcho\u0142<\/strong><\/span>. Zapami\u0119ta\u0142a 72 cyfry.<br \/>\nNa trzecim miejscu, z 60 cyframi po przecinku, uplasowa\u0142 si\u0119 ucze\u0144 klasy 5a- Karol Jaworski. Tu\u017c za nim uczennica klasy 7b- Julia Walczak, kt\u00f3ra bezb\u0142\u0119dnie zapisa\u0142a 54 cyfry rozwini\u0119cia dziesi\u0119tnego liczby <strong>\u03c0. <\/strong>Kolejne wyniki nale\u017c\u0105 do Zuzanny Stachowicz (klasa 6a, 51 cyfr), Rados\u0142awa Kowalskiego (klasa 6b, 50 cyfr), Przemys\u0142awa Chmielewskiego (klasa 8a, 42 cyfry).<br \/>\nJeste\u015bmy ciekawi, czy w przysz\u0142o\u015bci komu\u015b uda si\u0119 pobi\u0107 nowy rekord szko\u0142y \ud83d\ude42<\/p>\n<p>[ngg src=&#8221;galleries&#8221; ids=&#8221;288&#8243; display=&#8221;basic_thumbnail&#8221; thumbnail_crop=&#8221;0&#8243;]<\/p>\n<p style=\"text-align: center;\">O godzinie 10:00 odby\u0142y si\u0119 <strong><span style=\"font-size: 14pt;\">Wybory Miss i Mistera Wiosny.<\/span><\/strong><br \/>\nTytu\u0142 Miss Wiosny pow\u0119drowa\u0142 do<br \/>\nuczennicy klasy 7c- <strong><span style=\"font-size: 14pt;\">Katarzyny Podkowy<\/span><\/strong>,<br \/>\na Misterem zosta\u0142 <strong><span style=\"font-size: 14pt;\">Igor Kaczmarczyk<\/span><\/strong>&#8211; ucze\u0144 klasy 8b.<br \/>\nWice Miss Wiosny zosta\u0142a <span style=\"font-size: 14pt;\"><strong>Karolina Kostecka<\/strong><\/span>&#8211; uczennica klasy 8b,<br \/>\na Wice Misterem Wiosny zosta\u0142 <span style=\"font-size: 14pt;\"><strong>Mateusz Jemio\u0142<\/strong><\/span>&#8211; ucze\u0144 klasy 8c.<br \/>\nNad wiosennymi strojami z nawi\u0105zaniem do \u015awi\u0119ta liczby Pi pracowa\u0142y ca\u0142e zespo\u0142y klasowe.<\/p>\n<p>[ngg src=&#8221;galleries&#8221; ids=&#8221;289&#8243; display=&#8221;basic_imagebrowser&#8221;]<\/p>\n<p style=\"text-align: center;\">O godzinie 11:10 do komisji konkursowej trafi\u0142y <strong><span style=\"font-size: 14pt;\">Pi-rze\u017aby<\/span><\/strong>.<br \/>\nNa wyr\u00f3\u017cnienie zas\u0142u\u017cy\u0142y bez wyj\u0105tku wszystkie klasy.<\/p>\n<p>[ngg src=&#8221;galleries&#8221; ids=&#8221;290&#8243; display=&#8221;basic_thumbnail&#8221; thumbnail_crop=&#8221;0&#8243;]<\/p>\n<p style=\"text-align: center;\">Ostatnie zadania by\u0142y niespodziankami.<br \/>\nDo godziny 11:30 uczniowie poszczeg\u00f3lnych klas dostarczyli u\u0142o\u017cone <span style=\"font-size: 14pt;\"><strong>Pi-puzzle i Pi- krzy\u017c\u00f3wki.<\/strong><\/span><\/p>\n<p style=\"text-align: center;\">Gdy w salach trwa\u0142y porz\u0105dki, organizatorzy odwiedzili zwyci\u0119skie klasy<br \/>\n&nbsp;i uczni\u00f3w wr\u0119czaj\u0105c dyplomy i s\u0142odkie upominki.<\/p>\n<p>[ngg src=&#8221;galleries&#8221; ids=&#8221;291&#8243; display=&#8221;basic_thumbnail&#8221; thumbnail_crop=&#8221;0&#8243;]<\/p>\n<p style=\"text-align: center;\">Dzi\u0119kujemy Wam za wspania\u0142\u0105 zabaw\u0119 i aktywne w\u0142\u0105czenie si\u0119<br \/>\nw obchody <strong>\u201e\u03c0<\/strong><strong>erwszego Dnia Wiosny\u201d<\/strong>. \u017byczymy Wam wszystkiego niewymiernego \ud83d\ude42<\/p>\n<p style=\"text-align: right;\">Nauczyciele matematyki<\/p>\n<p style=\"text-align: center;\"><span style=\"font-size: 18pt;\">21 marca uczniowie naszej szko\u0142y postanowili przy\u0142\u0105czy\u0107 si\u0119 jeszcze do jednej akcji- &#8222;Dzie\u0144 Kolorowej Skarpetki&#8221; \ud83d\ude42<\/span><\/p>\n<p><img fetchpriority=\"high\" decoding=\"async\" class=\"alignnone size-medium wp-image-34630\" src=\"https:\/\/pspnatolin.edu.pl\/wp-content\/uploads\/2022\/03\/275953656_469189341594510_1716523613034224305_n-226x300.jpg\" alt=\"\" width=\"226\" height=\"300\" srcset=\"https:\/\/pspnatolin.edu.pl\/wp-content\/uploads\/2022\/03\/275953656_469189341594510_1716523613034224305_n-226x300.jpg 226w, https:\/\/pspnatolin.edu.pl\/wp-content\/uploads\/2022\/03\/275953656_469189341594510_1716523613034224305_n-768x1021.jpg 768w, https:\/\/pspnatolin.edu.pl\/wp-content\/uploads\/2022\/03\/275953656_469189341594510_1716523613034224305_n-771x1024.jpg 771w, https:\/\/pspnatolin.edu.pl\/wp-content\/uploads\/2022\/03\/275953656_469189341594510_1716523613034224305_n-203x270.jpg 203w\" sizes=\"(max-width: 226px) 100vw, 226px\" \/> <img decoding=\"async\" class=\"alignnone size-medium wp-image-34631\" src=\"https:\/\/pspnatolin.edu.pl\/wp-content\/uploads\/2022\/03\/276321551_1247983815730168_7490219272163232744_n-300x225.jpg\" alt=\"\" width=\"300\" height=\"225\" srcset=\"https:\/\/pspnatolin.edu.pl\/wp-content\/uploads\/2022\/03\/276321551_1247983815730168_7490219272163232744_n-300x225.jpg 300w, https:\/\/pspnatolin.edu.pl\/wp-content\/uploads\/2022\/03\/276321551_1247983815730168_7490219272163232744_n-768x576.jpg 768w, https:\/\/pspnatolin.edu.pl\/wp-content\/uploads\/2022\/03\/276321551_1247983815730168_7490219272163232744_n-1024x768.jpg 1024w, https:\/\/pspnatolin.edu.pl\/wp-content\/uploads\/2022\/03\/276321551_1247983815730168_7490219272163232744_n-360x270.jpg 360w\" sizes=\"(max-width: 300px) 100vw, 300px\" \/> <img decoding=\"async\" class=\"alignnone size-medium wp-image-34632\" src=\"https:\/\/pspnatolin.edu.pl\/wp-content\/uploads\/2022\/03\/276978390_5398434653508500_3537679467798474991_n-222x300.jpg\" alt=\"\" width=\"222\" height=\"300\" srcset=\"https:\/\/pspnatolin.edu.pl\/wp-content\/uploads\/2022\/03\/276978390_5398434653508500_3537679467798474991_n-222x300.jpg 222w, https:\/\/pspnatolin.edu.pl\/wp-content\/uploads\/2022\/03\/276978390_5398434653508500_3537679467798474991_n-768x1037.jpg 768w, https:\/\/pspnatolin.edu.pl\/wp-content\/uploads\/2022\/03\/276978390_5398434653508500_3537679467798474991_n-758x1024.jpg 758w, https:\/\/pspnatolin.edu.pl\/wp-content\/uploads\/2022\/03\/276978390_5398434653508500_3537679467798474991_n-200x270.jpg 200w, https:\/\/pspnatolin.edu.pl\/wp-content\/uploads\/2022\/03\/276978390_5398434653508500_3537679467798474991_n.jpg 807w\" sizes=\"(max-width: 222px) 100vw, 222px\" \/> <img loading=\"lazy\" decoding=\"async\" class=\"alignnone size-medium wp-image-34633\" src=\"https:\/\/pspnatolin.edu.pl\/wp-content\/uploads\/2022\/03\/277112878_408472661087662_2580388740229351317_n-278x300.jpg\" alt=\"\" width=\"278\" height=\"300\" srcset=\"https:\/\/pspnatolin.edu.pl\/wp-content\/uploads\/2022\/03\/277112878_408472661087662_2580388740229351317_n-278x300.jpg 278w, https:\/\/pspnatolin.edu.pl\/wp-content\/uploads\/2022\/03\/277112878_408472661087662_2580388740229351317_n-768x828.jpg 768w, https:\/\/pspnatolin.edu.pl\/wp-content\/uploads\/2022\/03\/277112878_408472661087662_2580388740229351317_n-950x1024.jpg 950w, https:\/\/pspnatolin.edu.pl\/wp-content\/uploads\/2022\/03\/277112878_408472661087662_2580388740229351317_n-250x270.jpg 250w, https:\/\/pspnatolin.edu.pl\/wp-content\/uploads\/2022\/03\/277112878_408472661087662_2580388740229351317_n.jpg 1320w\" sizes=\"(max-width: 278px) 100vw, 278px\" \/><\/p>\n<p>&nbsp;<\/p>\n<p>&nbsp;<\/p>\n","protected":false},"excerpt":{"rendered":"<p>14 marca to data, pod kt\u00f3r\u0105 kryje si\u0119 \u201eMi\u0119dzynarodowy Dzie\u0144 Liczby Pi\u201d. 21 marca jest dniem, w kt\u00f3rym rozpoczyna si\u0119 kalendarzowa wiosna. Ju\u017c tradycyjnie w naszej szkole \u0142\u0105czymy te dwa wydarzenia obchodz\u0105c: \u201e\u03c0erwszy Dzie\u0144 Wiosny\u201d Dzi\u0119kujemy za udzia\u0142 w konkursach i zaanga\u017cowanie, kt\u00f3re por\u00f3wnywalne by\u0142o do rozwini\u0119cia dziesi\u0119tnego liczby Pi \u2026 niesko\u0144czone \ud83d\ude42 Dzisiejszy dzie\u0144 [&hellip;]<\/p>\n","protected":false},"author":16,"featured_media":34459,"comment_status":"closed","ping_status":"closed","sticky":false,"template":"","format":"standard","meta":{"footnotes":""},"categories":[1],"tags":[],"class_list":["post-34454","post","type-post","status-publish","format-standard","has-post-thumbnail","hentry","category-bez-kategorii"],"_links":{"self":[{"href":"https:\/\/pspnatolin.edu.pl\/index.php?rest_route=\/wp\/v2\/posts\/34454","targetHints":{"allow":["GET"]}}],"collection":[{"href":"https:\/\/pspnatolin.edu.pl\/index.php?rest_route=\/wp\/v2\/posts"}],"about":[{"href":"https:\/\/pspnatolin.edu.pl\/index.php?rest_route=\/wp\/v2\/types\/post"}],"author":[{"embeddable":true,"href":"https:\/\/pspnatolin.edu.pl\/index.php?rest_route=\/wp\/v2\/users\/16"}],"replies":[{"embeddable":true,"href":"https:\/\/pspnatolin.edu.pl\/index.php?rest_route=%2Fwp%2Fv2%2Fcomments&post=34454"}],"version-history":[{"count":12,"href":"https:\/\/pspnatolin.edu.pl\/index.php?rest_route=\/wp\/v2\/posts\/34454\/revisions"}],"predecessor-version":[{"id":34635,"href":"https:\/\/pspnatolin.edu.pl\/index.php?rest_route=\/wp\/v2\/posts\/34454\/revisions\/34635"}],"wp:featuredmedia":[{"embeddable":true,"href":"https:\/\/pspnatolin.edu.pl\/index.php?rest_route=\/wp\/v2\/media\/34459"}],"wp:attachment":[{"href":"https:\/\/pspnatolin.edu.pl\/index.php?rest_route=%2Fwp%2Fv2%2Fmedia&parent=34454"}],"wp:term":[{"taxonomy":"category","embeddable":true,"href":"https:\/\/pspnatolin.edu.pl\/index.php?rest_route=%2Fwp%2Fv2%2Fcategories&post=34454"},{"taxonomy":"post_tag","embeddable":true,"href":"https:\/\/pspnatolin.edu.pl\/index.php?rest_route=%2Fwp%2Fv2%2Ftags&post=34454"}],"curies":[{"name":"wp","href":"https:\/\/api.w.org\/{rel}","templated":true}]}}